{"id":6625,"date":"2026-01-07T15:48:42","date_gmt":"2026-01-07T19:48:42","guid":{"rendered":"https:\/\/newsite.mrhome.com.do\/?p=6625"},"modified":"2026-01-07T15:48:43","modified_gmt":"2026-01-07T19:48:43","slug":"republica-dominicana-sera-pais-con-mayor-crecimiento-economico-de-america-latina","status":"publish","type":"post","link":"https:\/\/mrhome.com.do\/en\/republica-dominicana-sera-pais-con-mayor-crecimiento-economico-de-america-latina\/","title":{"rendered":"Rep\u00fablica Dominicana ser\u00e1 pa\u00eds con mayor crecimiento econ\u00f3mico de Am\u00e9rica Latina"},"content":{"rendered":"\n<p>Con una<strong>&nbsp;proyecci\u00f3n de crecimiento del 5.2 % para 2024<\/strong>, la Rep\u00fablica Dominicana se destaca como l\u00edder en Am\u00e9rica Latina, en un panorama donde el promedio de crecimiento regional ser\u00e1 de solo 1.8 %, seg\u00fan el informe m\u00e1s reciente de la Comisi\u00f3n Econ\u00f3mica para Am\u00e9rica Latina y el Caribe (Cepal), presentado ayer.<\/p>\n\n\n\n<p>Este indicador sugiere que el pa\u00eds podr\u00eda alcanzar su potencial de crecimiento del 5 %, como lo hab\u00edan anticipado otros organismos internacionales a finales de 2023, incluyendo el Banco Mundial y las autoridades locales, que se han propuesto duplicar el producto interno bruto (PIB) para 2036.<\/p>\n\n\n\n<p>En realidad,&nbsp;<strong><em>el 5.2 % asignado a la Rep\u00fablica Dominicana en el Estudio Econ\u00f3mico de Am\u00e9rica Latina y el Caribe, 2024: Trampa de Bajo Crecimiento, Cambio Clim\u00e1tico y Din\u00e1mica del Empleo, representa la tasa de crecimiento m\u00e1s alta entre m\u00e1s de 20 pa\u00edses<\/em><\/strong>, destac\u00e1ndose entre ellos Venezuela (5 %), Costa Rica (4 %), Paraguay (3.8 %) y Honduras (3.8 %). Dentro del Caribe, Guyana contin\u00faa liderando con un 29.2 %.<\/p>\n\n\n\n<p>En contraste,&nbsp;<em>Argentina y Hait\u00ed cerrar\u00e1n el a\u00f1o con ca\u00eddas del -3.6 % y -3 %<\/em>, respectivamente, lo que, seg\u00fan Daniel Titelman, director de la Divisi\u00f3n de Desarrollo Econ\u00f3mico de la Cepal, indica que estos pa\u00edses enfrentar\u00e1n una contracci\u00f3n econ\u00f3mica.<\/p>\n\n\n\n<p>&#8220;Rep\u00fablica Dominicana es uno de los pa\u00edses que m\u00e1s ha crecido en los \u00faltimos a\u00f1os, con un promedio superior al de la regi\u00f3n&#8221;, se\u00f1al\u00f3 Titelman durante la presentaci\u00f3n del estudio.<\/p>\n\n\n\n<p>Fuerte:&nbsp;<a href=\"https:\/\/www.diariolibre.com\/economia\/finanzas\/2024\/08\/13\/cepal-proyecta-un-solido-desempeno-economico-de-52--para-el-pais\/2818523\" rel=\"noreferrer noopener\" target=\"_blank\">DiarioLibre<\/a><\/p>\n\n\n\n<p>Foto de&nbsp;<strong>Freepik<\/strong><\/p>\n","protected":false},"excerpt":{"rendered":"<p>Con una\u00a0proyecci\u00f3n de crecimiento del 5.2 % para 2024, la Rep\u00fablica Dominicana se destaca como l\u00edder en Am\u00e9rica Latina, en un panorama donde el promedio de crecimiento regional ser\u00e1 de solo 1.8 %, seg\u00fan el informe m\u00e1s reciente de la Comisi\u00f3n Econ\u00f3mica para Am\u00e9rica Latina y el Caribe (Cepal), presentado ayer.<\/p>\n","protected":false},"author":1,"featured_media":6626,"comment_status":"open","ping_status":"open","sticky":false,"template":"","format":"standard","meta":{"_acf_changed":false,"footnotes":""},"categories":[37],"tags":[],"class_list":["post-6625","post","type-post","status-publish","format-standard","has-post-thumbnail","hentry","category-noticias"],"acf":{"valores_del_desarrollador":false},"_links":{"self":[{"href":"https:\/\/mrhome.com.do\/en\/wp-json\/wp\/v2\/posts\/6625","targetHints":{"allow":["GET"]}}],"collection":[{"href":"https:\/\/mrhome.com.do\/en\/wp-json\/wp\/v2\/posts"}],"about":[{"href":"https:\/\/mrhome.com.do\/en\/wp-json\/wp\/v2\/types\/post"}],"author":[{"embeddable":true,"href":"https:\/\/mrhome.com.do\/en\/wp-json\/wp\/v2\/users\/1"}],"replies":[{"embeddable":true,"href":"https:\/\/mrhome.com.do\/en\/wp-json\/wp\/v2\/comments?post=6625"}],"version-history":[{"count":1,"href":"https:\/\/mrhome.com.do\/en\/wp-json\/wp\/v2\/posts\/6625\/revisions"}],"predecessor-version":[{"id":6627,"href":"https:\/\/mrhome.com.do\/en\/wp-json\/wp\/v2\/posts\/6625\/revisions\/6627"}],"wp:featuredmedia":[{"embeddable":true,"href":"https:\/\/mrhome.com.do\/en\/wp-json\/wp\/v2\/media\/6626"}],"wp:attachment":[{"href":"https:\/\/mrhome.com.do\/en\/wp-json\/wp\/v2\/media?parent=6625"}],"wp:term":[{"taxonomy":"category","embeddable":true,"href":"https:\/\/mrhome.com.do\/en\/wp-json\/wp\/v2\/categories?post=6625"},{"taxonomy":"post_tag","embeddable":true,"href":"https:\/\/mrhome.com.do\/en\/wp-json\/wp\/v2\/tags?post=6625"}],"curies":[{"name":"wp","href":"https:\/\/api.w.org\/{rel}","templated":true}]}}