{"id":6618,"date":"2026-01-07T15:46:00","date_gmt":"2026-01-07T19:46:00","guid":{"rendered":"https:\/\/newsite.mrhome.com.do\/?p=6618"},"modified":"2026-01-07T15:46:02","modified_gmt":"2026-01-07T19:46:02","slug":"cielos-abiertos-entre-usa-y-rd-se-firmara-el-viernes","status":"publish","type":"post","link":"https:\/\/mrhome.com.do\/en\/cielos-abiertos-entre-usa-y-rd-se-firmara-el-viernes\/","title":{"rendered":"Cielos abiertos entre USA y RD se firmar\u00e1 el viernes"},"content":{"rendered":"\n<p>El\u00a0<strong>Acuerdo<\/strong>\u00a0de\u00a0<strong>Cielos Abiertos<\/strong>\u00a0entre Estados Unidos y la Rep\u00fablica Dominicana, se firma este viernes 2 de agosto. En la firma del acuerdo estar\u00e1n presente el\u00a0<strong>subsecretario<\/strong>\u00a0de Crecimiento Econ\u00f3mico, Energ\u00eda y Medio Ambiente de EE. UU., Jos\u00e9 W. Fern\u00e1ndez, quien llegar\u00e1 al pa\u00eds este jueves, y el presidente de la Rep\u00fablica Dominicana, Luis Abinader.<\/p>\n\n\n\n<p><em>&#8220;El&nbsp;Acuerdo&nbsp;ampliar\u00e1 la s\u00f3lida asociaci\u00f3n econ\u00f3mica y comercial, promover\u00e1 los lazos entre los pueblos y crear\u00e1 nuevas oportunidades para las&nbsp;aerol\u00edneas, las&nbsp;compa\u00f1\u00edas de viajes&nbsp;y los clientes. Durante su estad\u00eda en Santo Domingo, el&nbsp;subsecretario&nbsp;Fern\u00e1ndez tambi\u00e9n participar\u00e1 en reuniones bilaterales con funcionarios del gobierno de Rep\u00fablica Dominicana y del sector privado&#8221;<\/em>, destaca un comunicado de prensa enviado por el Departamento de Estado.<\/p>\n\n\n\n<p>Fuente:&nbsp;<a href=\"https:\/\/www.diariolibre.com\/usa\/actualidad\/2024\/08\/01\/acuerdo-de-cielos-abiertos-con-republica-dominicana\/2805923\" rel=\"noreferrer noopener\" target=\"_blank\">Diario Libre<\/a><\/p>\n","protected":false},"excerpt":{"rendered":"<p>El\u00a0Acuerdo\u00a0de\u00a0Cielos Abiertos\u00a0entre Estados Unidos y la Rep\u00fablica Dominicana, se firma este viernes 2 de agosto. En la firma del acuerdo estar\u00e1n presente el\u00a0subsecretario\u00a0de Crecimiento Econ\u00f3mico, Energ\u00eda y Medio Ambiente de EE. UU., Jos\u00e9 W. Fern\u00e1ndez, quien llegar\u00e1 al pa\u00eds este jueves, y el presidente de la Rep\u00fablica Dominicana, Luis Abinader.<\/p>\n","protected":false},"author":1,"featured_media":6620,"comment_status":"open","ping_status":"open","sticky":false,"template":"","format":"standard","meta":{"_acf_changed":false,"footnotes":""},"categories":[37],"tags":[],"class_list":["post-6618","post","type-post","status-publish","format-standard","has-post-thumbnail","hentry","category-noticias"],"acf":{"valores_del_desarrollador":false},"_links":{"self":[{"href":"https:\/\/mrhome.com.do\/en\/wp-json\/wp\/v2\/posts\/6618","targetHints":{"allow":["GET"]}}],"collection":[{"href":"https:\/\/mrhome.com.do\/en\/wp-json\/wp\/v2\/posts"}],"about":[{"href":"https:\/\/mrhome.com.do\/en\/wp-json\/wp\/v2\/types\/post"}],"author":[{"embeddable":true,"href":"https:\/\/mrhome.com.do\/en\/wp-json\/wp\/v2\/users\/1"}],"replies":[{"embeddable":true,"href":"https:\/\/mrhome.com.do\/en\/wp-json\/wp\/v2\/comments?post=6618"}],"version-history":[{"count":1,"href":"https:\/\/mrhome.com.do\/en\/wp-json\/wp\/v2\/posts\/6618\/revisions"}],"predecessor-version":[{"id":6621,"href":"https:\/\/mrhome.com.do\/en\/wp-json\/wp\/v2\/posts\/6618\/revisions\/6621"}],"wp:featuredmedia":[{"embeddable":true,"href":"https:\/\/mrhome.com.do\/en\/wp-json\/wp\/v2\/media\/6620"}],"wp:attachment":[{"href":"https:\/\/mrhome.com.do\/en\/wp-json\/wp\/v2\/media?parent=6618"}],"wp:term":[{"taxonomy":"category","embeddable":true,"href":"https:\/\/mrhome.com.do\/en\/wp-json\/wp\/v2\/categories?post=6618"},{"taxonomy":"post_tag","embeddable":true,"href":"https:\/\/mrhome.com.do\/en\/wp-json\/wp\/v2\/tags?post=6618"}],"curies":[{"name":"wp","href":"https:\/\/api.w.org\/{rel}","templated":true}]}}