{"id":304,"date":"2025-08-03T22:23:54","date_gmt":"2025-08-04T02:23:54","guid":{"rendered":"http:\/\/localhost:8080\/RTLS-MRHOME-WEBSITE\/?p=304"},"modified":"2025-08-03T22:27:15","modified_gmt":"2025-08-04T02:27:15","slug":"rd-pais-invitado-para-festuris-2024-en-brasil","status":"publish","type":"post","link":"https:\/\/mrhome.com.do\/en\/rd-pais-invitado-para-festuris-2024-en-brasil\/","title":{"rendered":"RD pa\u00eds invitado para Festuris 2024 en Brasil"},"content":{"rendered":"\n<p>Festuris, la feria internacional de turismo reconocida como el evento de negocios tur\u00edsticos m\u00e1s eficiente de las Am\u00e9ricas, se llevar\u00e1 a cabo en Gramado, Brasil, del 7 al 10 de noviembre de este a\u00f1o y anuncio que el pa\u00eds invitado ser\u00e1 Rep\u00fablica Dominicana.<\/p>\n\n\n\n<p>La selecci\u00f3n de la Rep\u00fablica Dominicana como invitada de honor destaca el notable desarrollo que ha tenido el destino en el sector tur\u00edstico. Paola G\u00f3mez, directora de la Oficina de Turismo de la Rep\u00fablica Dominicana en Brasil, coment\u00f3: \u201cEsta distinci\u00f3n subraya la participaci\u00f3n constante del pa\u00eds en Festuris y el esfuerzo continuo por promover sus atractivos entre los viajeros brasile\u00f1os\u201d.<\/p>\n\n\n\n<p>Eduardo Zorzanello, CEO de Festuris, expres\u00f3: \u201cEs un honor tener a la Rep\u00fablica Dominicana como pa\u00eds invitado. Han sido parte de nosotros desde las primeras ediciones, primero representados y luego con su propio pabell\u00f3n a partir de los a\u00f1os 2000. Es un orgullo contar con su presencia, ya que Brasil es un gran consumidor de los atractivos dominicanos, especialmente de las famosas playas de Punta Cana\u201d.<\/p>\n\n\n\n<p><strong>Fuente<\/strong>: <a href=\"https:\/\/www.arecoa.com\/destinos\/2024\/09\/05\/rd-pais-invitado-de-honor-en-feria-turistica-brasilena-festuris-2024\/\" target=\"_blank\" rel=\"noreferrer noopener\">Arecoa<\/a><br><strong>Foto de:<\/strong> Ministerio de Turismo de la Rep\u00fablica Dominicana.<\/p>\n","protected":false},"excerpt":{"rendered":"<p>Festuris, la feria internacional de turismo reconocida como el evento de negocios tur\u00edsticos m\u00e1s eficiente de las Am\u00e9ricas, se llevar\u00e1 a cabo en Gramado, Brasil, del 7 al 10 de noviembre de este a\u00f1o y anuncio que el pa\u00eds invitado ser\u00e1 Rep\u00fablica Dominicana.<\/p>\n","protected":false},"author":1,"featured_media":305,"comment_status":"open","ping_status":"open","sticky":false,"template":"","format":"standard","meta":{"_acf_changed":false,"footnotes":""},"categories":[37],"tags":[],"class_list":["post-304","post","type-post","status-publish","format-standard","has-post-thumbnail","hentry","category-noticias"],"acf":{"valores_del_desarrollador":null},"_links":{"self":[{"href":"https:\/\/mrhome.com.do\/en\/wp-json\/wp\/v2\/posts\/304","targetHints":{"allow":["GET"]}}],"collection":[{"href":"https:\/\/mrhome.com.do\/en\/wp-json\/wp\/v2\/posts"}],"about":[{"href":"https:\/\/mrhome.com.do\/en\/wp-json\/wp\/v2\/types\/post"}],"author":[{"embeddable":true,"href":"https:\/\/mrhome.com.do\/en\/wp-json\/wp\/v2\/users\/1"}],"replies":[{"embeddable":true,"href":"https:\/\/mrhome.com.do\/en\/wp-json\/wp\/v2\/comments?post=304"}],"version-history":[{"count":2,"href":"https:\/\/mrhome.com.do\/en\/wp-json\/wp\/v2\/posts\/304\/revisions"}],"predecessor-version":[{"id":309,"href":"https:\/\/mrhome.com.do\/en\/wp-json\/wp\/v2\/posts\/304\/revisions\/309"}],"wp:featuredmedia":[{"embeddable":true,"href":"https:\/\/mrhome.com.do\/en\/wp-json\/wp\/v2\/media\/305"}],"wp:attachment":[{"href":"https:\/\/mrhome.com.do\/en\/wp-json\/wp\/v2\/media?parent=304"}],"wp:term":[{"taxonomy":"category","embeddable":true,"href":"https:\/\/mrhome.com.do\/en\/wp-json\/wp\/v2\/categories?post=304"},{"taxonomy":"post_tag","embeddable":true,"href":"https:\/\/mrhome.com.do\/en\/wp-json\/wp\/v2\/tags?post=304"}],"curies":[{"name":"wp","href":"https:\/\/api.w.org\/{rel}","templated":true}]}}